{"id":2540,"date":"2019-06-24T10:31:25","date_gmt":"2019-06-24T08:31:25","guid":{"rendered":"https:\/\/www.uugrn.org\/?p=2540"},"modified":"2019-06-24T10:31:25","modified_gmt":"2019-06-24T08:31:25","slug":"sommerfest-2019","status":"publish","type":"post","link":"https:\/\/www.uugrn.org\/index.php\/sommerfest-2019\/","title":{"rendered":"UUGRN Sommerfest 2019 (Jubil\u00e4ums Edition)"},"content":{"rendered":"\n<p>Unglaublich, wie die Zeit verfliegt. Die UUGRN wurde am 19. Juni 1999<br> gegr\u00fcndet (siehe auch https:\/\/wiki.uugrn.org\/UUGRN:Chronik). Das<br> bedeutet, wir haben dieses Jahr 20-j\u00e4hriges Jubil\u00e4um!<\/p>\n\n\n\n<p>Dieses Ereignis wollen wir feiern. Dazu laden wir euch herzlich ein.<\/p>\n\n\n\n<pre class=\"wp-block-preformatted\"> <strong>UUGRN Sommerfest 2019 (Jubil\u00e4ums Edition)<\/strong><\/pre>\n\n\n\n<p>Unser Sommerfest wird im Garten von Marc &#8218;Zugschlus&#8216; Haber stattfinden.<br>\nDort wollen wir zusammen grillen und eine gute Zeit miteinander<br>\nverbringen.<\/p>\n\n\n\n<p>Koordinaten:<\/p>\n\n\n\n<ul class=\"wp-block-list\"><li>UUGRN Sommerfest 2019<\/li><li>Mitglieder und Freunde (FIXME, UnixUserStammtisch) von UUGRN <\/li><li>Am Samstag, den 06. Juli 2019 ab 14 Uhr<\/li><li>im Garten von Zugschlus<br>\n(nahe am S-Bahnhof St. Ilgen\/Sandhausen)<\/li><\/ul>\n\n\n\n<p>Die genaue Adresse und weitere Informationen sind im <a href=\"https:\/\/pad.uugrn.org\/p\/Sommerfest2019\">Pad<\/a> zu finden.<\/p>\n\n\n\n<p>Bitte beachtet folgendes:<\/p>\n\n\n\n<ul class=\"wp-block-list\"><li>Tragt euch im Pad in die &#8222;Wer kommt&#8220; Liste ein<\/li><li>Bringt mit, was ihr grillen m\u00f6chtet<\/li><li>Tragt im Pad ein, was ihr f\u00fcr die Allgemeinheit mitbringt<\/li><\/ul>\n\n\n\n<p>Getr\u00e4nke werden vom Verein gestellt. Kulinarische Beitr\u00e4ge in Form von<br>\nKuchen, Salate, Desserts sind willkommen! Bitte tragt euch im Pad ein,<br>\ndamit wir eine gewisse kulinarische Bandbreite erreichen k\u00f6nnen.<\/p>\n\n\n\n<p>Und jetzt ab ins Pad -> <a href=\"https:\/\/pad.uugrn.org\/p\/Sommerfest2019\">https:\/\/pad.uugrn.org\/p\/Sommerfest2019<\/a><\/p>\n\n\n\n<p><\/p>\n","protected":false},"excerpt":{"rendered":"<p>Unglaublich, wie die Zeit verfliegt. Die UUGRN wurde am 19. Juni 1999 gegr\u00fcndet (siehe auch https:\/\/wiki.uugrn.org\/UUGRN:Chronik). Das bedeutet, wir haben dieses Jahr 20-j\u00e4hriges Jubil\u00e4um! Dieses Ereignis wollen wir feiern. Dazu laden wir euch herzlich ein. UUGRN Sommerfest 2019 (Jubil\u00e4ums Edition) Unser Sommerfest wird im Garten von Marc &#8218;Zugschlus&#8216; Haber stattfinden. Dort wollen wir zusammen grillen [&hellip;]<\/p>\n","protected":false},"author":9,"featured_media":0,"comment_status":"open","ping_status":"open","sticky":false,"template":"","format":"standard","meta":{"footnotes":""},"categories":[12,6],"tags":[],"class_list":["post-2540","post","type-post","status-publish","format-standard","hentry","category-community","category-verein"],"_links":{"self":[{"href":"https:\/\/www.uugrn.org\/index.php\/wp-json\/wp\/v2\/posts\/2540","targetHints":{"allow":["GET"]}}],"collection":[{"href":"https:\/\/www.uugrn.org\/index.php\/wp-json\/wp\/v2\/posts"}],"about":[{"href":"https:\/\/www.uugrn.org\/index.php\/wp-json\/wp\/v2\/types\/post"}],"author":[{"embeddable":true,"href":"https:\/\/www.uugrn.org\/index.php\/wp-json\/wp\/v2\/users\/9"}],"replies":[{"embeddable":true,"href":"https:\/\/www.uugrn.org\/index.php\/wp-json\/wp\/v2\/comments?post=2540"}],"version-history":[{"count":1,"href":"https:\/\/www.uugrn.org\/index.php\/wp-json\/wp\/v2\/posts\/2540\/revisions"}],"predecessor-version":[{"id":2541,"href":"https:\/\/www.uugrn.org\/index.php\/wp-json\/wp\/v2\/posts\/2540\/revisions\/2541"}],"wp:attachment":[{"href":"https:\/\/www.uugrn.org\/index.php\/wp-json\/wp\/v2\/media?parent=2540"}],"wp:term":[{"taxonomy":"category","embeddable":true,"href":"https:\/\/www.uugrn.org\/index.php\/wp-json\/wp\/v2\/categories?post=2540"},{"taxonomy":"post_tag","embeddable":true,"href":"https:\/\/www.uugrn.org\/index.php\/wp-json\/wp\/v2\/tags?post=2540"}],"curies":[{"name":"wp","href":"https:\/\/api.w.org\/{rel}","templated":true}]}}